{"id":1749,"date":"2026-04-27T12:24:27","date_gmt":"2026-04-27T18:24:27","guid":{"rendered":"https:\/\/premiofranciscomercado.org\/?p=1749"},"modified":"2026-04-27T18:46:48","modified_gmt":"2026-04-28T00:46:48","slug":"faltan-3-dias-para-el-cierre-de-la-convocatoria-edicion-2027","status":"publish","type":"post","link":"https:\/\/premiofranciscomercado.org\/?p=1749","title":{"rendered":"Faltan 3 d\u00edas para el cierre de la convocatoria | Edici\u00f3n 2027"},"content":{"rendered":"\n<p>\u00a1A\u00fan est\u00e1s a tiempo de participar! \u23f3<br>La convocatoria de la Edici\u00f3n 2027 cierra el pr\u00f3ximo 30 de abril \ud83d\uddd3\ufe0f<\/p>\n\n\n\n<p>Ainda d\u00e1 tempo de participar! \u23f3<br>A convocat\u00f3ria da Edi\u00e7\u00e3o 2027 encerra no pr\u00f3ximo dia 30 de abril \ud83d\uddd3\ufe0f<\/p>\n\n\n\n<figure class=\"wp-block-image size-large is-resized\"><a href=\"https:\/\/premiofranciscomercado.org\/?page_id=1082\"><img loading=\"lazy\" decoding=\"async\" width=\"820\" height=\"1024\" src=\"https:\/\/premiofranciscomercado.org\/wp-content\/uploads\/2026\/04\/2027.convocatoria.cierre.3-dias.vp_-820x1024.jpg\" alt=\"\" class=\"wp-image-1750\" style=\"width:400px\" srcset=\"https:\/\/premiofranciscomercado.org\/wp-content\/uploads\/2026\/04\/2027.convocatoria.cierre.3-dias.vp_-820x1024.jpg 820w, https:\/\/premiofranciscomercado.org\/wp-content\/uploads\/2026\/04\/2027.convocatoria.cierre.3-dias.vp_-240x300.jpg 240w, https:\/\/premiofranciscomercado.org\/wp-content\/uploads\/2026\/04\/2027.convocatoria.cierre.3-dias.vp_-768x959.jpg 768w, https:\/\/premiofranciscomercado.org\/wp-content\/uploads\/2026\/04\/2027.convocatoria.cierre.3-dias.vp_-1229x1536.jpg 1229w, https:\/\/premiofranciscomercado.org\/wp-content\/uploads\/2026\/04\/2027.convocatoria.cierre.3-dias.vp_-1639x2048.jpg 1639w, https:\/\/premiofranciscomercado.org\/wp-content\/uploads\/2026\/04\/2027.convocatoria.cierre.3-dias.vp_-1100x1374.jpg 1100w\" sizes=\"auto, (max-width: 820px) 100vw, 820px\" \/><\/a><\/figure>\n\n\n\n<figure class=\"wp-block-image size-large is-resized\"><a href=\"https:\/\/premiofranciscomercado.org\/?page_id=1082\"><img loading=\"lazy\" decoding=\"async\" width=\"820\" height=\"1024\" src=\"https:\/\/premiofranciscomercado.org\/wp-content\/uploads\/2026\/04\/2027.convocatoria.cierre.3-dias.ve_-820x1024.jpg\" alt=\"\" class=\"wp-image-1751\" style=\"width:400px\" srcset=\"https:\/\/premiofranciscomercado.org\/wp-content\/uploads\/2026\/04\/2027.convocatoria.cierre.3-dias.ve_-820x1024.jpg 820w, https:\/\/premiofranciscomercado.org\/wp-content\/uploads\/2026\/04\/2027.convocatoria.cierre.3-dias.ve_-240x300.jpg 240w, https:\/\/premiofranciscomercado.org\/wp-content\/uploads\/2026\/04\/2027.convocatoria.cierre.3-dias.ve_-768x959.jpg 768w, https:\/\/premiofranciscomercado.org\/wp-content\/uploads\/2026\/04\/2027.convocatoria.cierre.3-dias.ve_-1229x1536.jpg 1229w, https:\/\/premiofranciscomercado.org\/wp-content\/uploads\/2026\/04\/2027.convocatoria.cierre.3-dias.ve_-1639x2048.jpg 1639w, https:\/\/premiofranciscomercado.org\/wp-content\/uploads\/2026\/04\/2027.convocatoria.cierre.3-dias.ve_-1100x1374.jpg 1100w\" sizes=\"auto, (max-width: 820px) 100vw, 820px\" \/><\/a><\/figure>\n","protected":false},"excerpt":{"rendered":"<p>\u00a1A\u00fan est\u00e1s a tiempo de participar! \u23f3La convocatoria de la Edici\u00f3n 2027 cierra el pr\u00f3ximo 30 de abril \ud83d\uddd3\ufe0f Ainda d\u00e1 tempo de participar! \u23f3A convocat\u00f3ria da Edi\u00e7\u00e3o 2027 encerra no pr\u00f3ximo dia 30 de abril \ud83d\uddd3\ufe0f<\/p>\n","protected":false},"author":1,"featured_media":1751,"comment_status":"closed","ping_status":"","sticky":false,"template":"","format":"standard","meta":{"footnotes":""},"categories":[2],"tags":[],"class_list":["post-1749","post","type-post","status-publish","format-standard","has-post-thumbnail","hentry","category-anuncios"],"_links":{"self":[{"href":"https:\/\/premiofranciscomercado.org\/index.php?rest_route=\/wp\/v2\/posts\/1749","targetHints":{"allow":["GET"]}}],"collection":[{"href":"https:\/\/premiofranciscomercado.org\/index.php?rest_route=\/wp\/v2\/posts"}],"about":[{"href":"https:\/\/premiofranciscomercado.org\/index.php?rest_route=\/wp\/v2\/types\/post"}],"author":[{"embeddable":true,"href":"https:\/\/premiofranciscomercado.org\/index.php?rest_route=\/wp\/v2\/users\/1"}],"replies":[{"embeddable":true,"href":"https:\/\/premiofranciscomercado.org\/index.php?rest_route=%2Fwp%2Fv2%2Fcomments&post=1749"}],"version-history":[{"count":2,"href":"https:\/\/premiofranciscomercado.org\/index.php?rest_route=\/wp\/v2\/posts\/1749\/revisions"}],"predecessor-version":[{"id":1753,"href":"https:\/\/premiofranciscomercado.org\/index.php?rest_route=\/wp\/v2\/posts\/1749\/revisions\/1753"}],"wp:featuredmedia":[{"embeddable":true,"href":"https:\/\/premiofranciscomercado.org\/index.php?rest_route=\/wp\/v2\/media\/1751"}],"wp:attachment":[{"href":"https:\/\/premiofranciscomercado.org\/index.php?rest_route=%2Fwp%2Fv2%2Fmedia&parent=1749"}],"wp:term":[{"taxonomy":"category","embeddable":true,"href":"https:\/\/premiofranciscomercado.org\/index.php?rest_route=%2Fwp%2Fv2%2Fcategories&post=1749"},{"taxonomy":"post_tag","embeddable":true,"href":"https:\/\/premiofranciscomercado.org\/index.php?rest_route=%2Fwp%2Fv2%2Ftags&post=1749"}],"curies":[{"name":"wp","href":"https:\/\/api.w.org\/{rel}","templated":true}]}}