{"id":1571,"date":"2026-01-08T11:41:48","date_gmt":"2026-01-08T17:41:48","guid":{"rendered":"https:\/\/premiofranciscomercado.org\/?p=1571"},"modified":"2026-01-08T11:41:48","modified_gmt":"2026-01-08T17:41:48","slug":"apertura-de-la-convocatoria-estancia-academica-virtual-de-entrenamiento-en-la-revision-de-pares-en-investigacion-cualitativa-en-salud-edicion-2027","status":"publish","type":"post","link":"https:\/\/premiofranciscomercado.org\/?p=1571","title":{"rendered":"Apertura de la convocatoria | Estancia acad\u00e9mica virtual de entrenamiento en la revisi\u00f3n de pares en investigaci\u00f3n cualitativa en salud | Edici\u00f3n 2027"},"content":{"rendered":"\n<p>\ud83d\udccc \u00a1Abrimos convocatoria!<br>\ud83d\udd36 Estancia virtual de entrenamiento en la revisi\u00f3n de pares en investigaci\u00f3n cualitativa en salud <br>\ud83d\uddd3\ufe0f La recepci\u00f3n de candidaturas ser\u00e1 del 8 de enero al 9 de marzo de 2026<\/p>\n\n\n\n<p>Siga el siguiente enlace para acceder a la convocatoria completa:<\/p>\n\n\n\n<div class=\"wp-block-buttons is-content-justification-center is-layout-flex wp-container-core-buttons-is-layout-16018d1d wp-block-buttons-is-layout-flex\">\n<div class=\"wp-block-button has-custom-width wp-block-button__width-50\"><a class=\"wp-block-button__link has-background has-medium-font-size has-custom-font-size wp-element-button\" style=\"background-color:#d2802a\">Estancia virtual | Edici\u00f3n 2027<\/a><\/div>\n<\/div>\n\n\n\n<figure class=\"wp-block-image size-large\"><img loading=\"lazy\" decoding=\"async\" width=\"791\" height=\"1024\" src=\"https:\/\/premiofranciscomercado.org\/wp-content\/uploads\/2025\/10\/2027.cartel.convocatoria.estancia-virtual.ve_-791x1024.png\" alt=\"\" class=\"wp-image-1474\" srcset=\"https:\/\/premiofranciscomercado.org\/wp-content\/uploads\/2025\/10\/2027.cartel.convocatoria.estancia-virtual.ve_-791x1024.png 791w, https:\/\/premiofranciscomercado.org\/wp-content\/uploads\/2025\/10\/2027.cartel.convocatoria.estancia-virtual.ve_-232x300.png 232w, https:\/\/premiofranciscomercado.org\/wp-content\/uploads\/2025\/10\/2027.cartel.convocatoria.estancia-virtual.ve_-768x994.png 768w, https:\/\/premiofranciscomercado.org\/wp-content\/uploads\/2025\/10\/2027.cartel.convocatoria.estancia-virtual.ve_-1187x1536.png 1187w, https:\/\/premiofranciscomercado.org\/wp-content\/uploads\/2025\/10\/2027.cartel.convocatoria.estancia-virtual.ve_-1100x1424.png 1100w, https:\/\/premiofranciscomercado.org\/wp-content\/uploads\/2025\/10\/2027.cartel.convocatoria.estancia-virtual.ve_.png 1275w\" sizes=\"auto, (max-width: 791px) 100vw, 791px\" \/><\/figure>\n\n\n\n<figure class=\"wp-block-image size-large\"><img loading=\"lazy\" decoding=\"async\" width=\"791\" height=\"1024\" src=\"https:\/\/premiofranciscomercado.org\/wp-content\/uploads\/2025\/10\/2027.cartel.convocatoria.estancia-virtual.vp_-791x1024.png\" alt=\"\" class=\"wp-image-1476\" srcset=\"https:\/\/premiofranciscomercado.org\/wp-content\/uploads\/2025\/10\/2027.cartel.convocatoria.estancia-virtual.vp_-791x1024.png 791w, https:\/\/premiofranciscomercado.org\/wp-content\/uploads\/2025\/10\/2027.cartel.convocatoria.estancia-virtual.vp_-232x300.png 232w, https:\/\/premiofranciscomercado.org\/wp-content\/uploads\/2025\/10\/2027.cartel.convocatoria.estancia-virtual.vp_-768x994.png 768w, https:\/\/premiofranciscomercado.org\/wp-content\/uploads\/2025\/10\/2027.cartel.convocatoria.estancia-virtual.vp_-1187x1536.png 1187w, https:\/\/premiofranciscomercado.org\/wp-content\/uploads\/2025\/10\/2027.cartel.convocatoria.estancia-virtual.vp_-1100x1424.png 1100w, https:\/\/premiofranciscomercado.org\/wp-content\/uploads\/2025\/10\/2027.cartel.convocatoria.estancia-virtual.vp_.png 1275w\" sizes=\"auto, (max-width: 791px) 100vw, 791px\" \/><\/figure>\n","protected":false},"excerpt":{"rendered":"<p>\ud83d\udccc \u00a1Abrimos convocatoria!\ud83d\udd36 Estancia virtual de entrenamiento en la revisi\u00f3n de pares en investigaci\u00f3n cualitativa en salud \ud83d\uddd3\ufe0f La recepci\u00f3n de candidaturas ser\u00e1 del 8 de enero al 9 de marzo de 2026 Siga el siguiente enlace para acceder a la convocatoria completa:<\/p>\n","protected":false},"author":1,"featured_media":1476,"comment_status":"closed","ping_status":"","sticky":false,"template":"","format":"standard","meta":{"footnotes":""},"categories":[1],"tags":[],"class_list":["post-1571","post","type-post","status-publish","format-standard","has-post-thumbnail","hentry","category-uncategorized"],"_links":{"self":[{"href":"https:\/\/premiofranciscomercado.org\/index.php?rest_route=\/wp\/v2\/posts\/1571","targetHints":{"allow":["GET"]}}],"collection":[{"href":"https:\/\/premiofranciscomercado.org\/index.php?rest_route=\/wp\/v2\/posts"}],"about":[{"href":"https:\/\/premiofranciscomercado.org\/index.php?rest_route=\/wp\/v2\/types\/post"}],"author":[{"embeddable":true,"href":"https:\/\/premiofranciscomercado.org\/index.php?rest_route=\/wp\/v2\/users\/1"}],"replies":[{"embeddable":true,"href":"https:\/\/premiofranciscomercado.org\/index.php?rest_route=%2Fwp%2Fv2%2Fcomments&post=1571"}],"version-history":[{"count":1,"href":"https:\/\/premiofranciscomercado.org\/index.php?rest_route=\/wp\/v2\/posts\/1571\/revisions"}],"predecessor-version":[{"id":1572,"href":"https:\/\/premiofranciscomercado.org\/index.php?rest_route=\/wp\/v2\/posts\/1571\/revisions\/1572"}],"wp:featuredmedia":[{"embeddable":true,"href":"https:\/\/premiofranciscomercado.org\/index.php?rest_route=\/wp\/v2\/media\/1476"}],"wp:attachment":[{"href":"https:\/\/premiofranciscomercado.org\/index.php?rest_route=%2Fwp%2Fv2%2Fmedia&parent=1571"}],"wp:term":[{"taxonomy":"category","embeddable":true,"href":"https:\/\/premiofranciscomercado.org\/index.php?rest_route=%2Fwp%2Fv2%2Fcategories&post=1571"},{"taxonomy":"post_tag","embeddable":true,"href":"https:\/\/premiofranciscomercado.org\/index.php?rest_route=%2Fwp%2Fv2%2Ftags&post=1571"}],"curies":[{"name":"wp","href":"https:\/\/api.w.org\/{rel}","templated":true}]}}