{"id":1456,"date":"2025-10-24T12:57:56","date_gmt":"2025-10-24T18:57:56","guid":{"rendered":"https:\/\/premiofranciscomercado.org\/?p=1456"},"modified":"2026-01-06T12:30:36","modified_gmt":"2026-01-06T18:30:36","slug":"convocatoria-edicion-2027","status":"publish","type":"post","link":"https:\/\/premiofranciscomercado.org\/?p=1456","title":{"rendered":"Convocatoria | Edici\u00f3n 2027"},"content":{"rendered":"\n<p>Anunciamos que la Edici\u00f3n 2027 del Premio Francisco Mercado estar\u00e1 abierta del 6 de enero al 30 de abril de 2026. Puede consultar la convocatoria completa a trav\u00e9s del siguiente enlace:<\/p>\n\n\n\n<div class=\"wp-block-buttons is-content-justification-center is-layout-flex wp-container-core-buttons-is-layout-16018d1d wp-block-buttons-is-layout-flex\">\n<div class=\"wp-block-button\"><a class=\"wp-block-button__link has-background has-medium-font-size has-custom-font-size wp-element-button\" href=\"https:\/\/premiofranciscomercado.org\/?page_id=1082\" style=\"border-radius:0px;background-color:#8a1e02\">Convocatoria Edici\u00f3n 2027<\/a><\/div>\n<\/div>\n\n\n\n<p><\/p>\n\n\n\n<div class=\"wp-block-buttons is-content-justification-center is-layout-flex wp-container-core-buttons-is-layout-16018d1d wp-block-buttons-is-layout-flex\">\n<div class=\"wp-block-button\"><a class=\"wp-block-button__link has-background has-medium-font-size has-custom-font-size wp-element-button\" href=\"https:\/\/premiofranciscomercado.org\/wp-content\/uploads\/2025\/12\/2027.convocatoria.bases_.pdf\" style=\"border-radius:0px;background-color:#8a1e02\">Descargar en PDF<\/a><\/div>\n<\/div>\n\n\n\n<p><\/p>\n\n\n<div class=\"wp-block-image\">\n<figure class=\"aligncenter size-large is-resized\"><img loading=\"lazy\" decoding=\"async\" width=\"1024\" height=\"576\" src=\"https:\/\/premiofranciscomercado.org\/wp-content\/uploads\/2024\/03\/separador-2-1024x576.png\" alt=\"\" class=\"wp-image-1201\" style=\"width:100px\" srcset=\"https:\/\/premiofranciscomercado.org\/wp-content\/uploads\/2024\/03\/separador-2-1024x576.png 1024w, https:\/\/premiofranciscomercado.org\/wp-content\/uploads\/2024\/03\/separador-2-300x169.png 300w, https:\/\/premiofranciscomercado.org\/wp-content\/uploads\/2024\/03\/separador-2-768x432.png 768w, https:\/\/premiofranciscomercado.org\/wp-content\/uploads\/2024\/03\/separador-2-1536x864.png 1536w, https:\/\/premiofranciscomercado.org\/wp-content\/uploads\/2024\/03\/separador-2-1100x619.png 1100w, https:\/\/premiofranciscomercado.org\/wp-content\/uploads\/2024\/03\/separador-2.png 1920w\" sizes=\"auto, (max-width: 1024px) 100vw, 1024px\" \/><\/figure>\n<\/div>\n\n\n<figure class=\"wp-block-image size-large is-resized\"><img loading=\"lazy\" decoding=\"async\" width=\"791\" height=\"1024\" src=\"https:\/\/premiofranciscomercado.org\/wp-content\/uploads\/2025\/12\/2027.cartel.convocatoria.ve_-1-791x1024.png\" alt=\"\" class=\"wp-image-1526\" style=\"width:500px\" srcset=\"https:\/\/premiofranciscomercado.org\/wp-content\/uploads\/2025\/12\/2027.cartel.convocatoria.ve_-1-791x1024.png 791w, https:\/\/premiofranciscomercado.org\/wp-content\/uploads\/2025\/12\/2027.cartel.convocatoria.ve_-1-232x300.png 232w, https:\/\/premiofranciscomercado.org\/wp-content\/uploads\/2025\/12\/2027.cartel.convocatoria.ve_-1-768x994.png 768w, https:\/\/premiofranciscomercado.org\/wp-content\/uploads\/2025\/12\/2027.cartel.convocatoria.ve_-1-1187x1536.png 1187w, https:\/\/premiofranciscomercado.org\/wp-content\/uploads\/2025\/12\/2027.cartel.convocatoria.ve_-1-1100x1424.png 1100w, https:\/\/premiofranciscomercado.org\/wp-content\/uploads\/2025\/12\/2027.cartel.convocatoria.ve_-1.png 1275w\" sizes=\"auto, (max-width: 791px) 100vw, 791px\" \/><\/figure>\n\n\n\n<figure class=\"wp-block-image size-large is-resized\"><img loading=\"lazy\" decoding=\"async\" width=\"791\" height=\"1024\" src=\"https:\/\/premiofranciscomercado.org\/wp-content\/uploads\/2025\/10\/2027.cartel.convocatoria.vp_-2-791x1024.png\" alt=\"\" class=\"wp-image-1528\" style=\"width:500px\" srcset=\"https:\/\/premiofranciscomercado.org\/wp-content\/uploads\/2025\/10\/2027.cartel.convocatoria.vp_-2-791x1024.png 791w, https:\/\/premiofranciscomercado.org\/wp-content\/uploads\/2025\/10\/2027.cartel.convocatoria.vp_-2-232x300.png 232w, https:\/\/premiofranciscomercado.org\/wp-content\/uploads\/2025\/10\/2027.cartel.convocatoria.vp_-2-768x994.png 768w, https:\/\/premiofranciscomercado.org\/wp-content\/uploads\/2025\/10\/2027.cartel.convocatoria.vp_-2-1187x1536.png 1187w, https:\/\/premiofranciscomercado.org\/wp-content\/uploads\/2025\/10\/2027.cartel.convocatoria.vp_-2-1100x1424.png 1100w, https:\/\/premiofranciscomercado.org\/wp-content\/uploads\/2025\/10\/2027.cartel.convocatoria.vp_-2.png 1275w\" sizes=\"auto, (max-width: 791px) 100vw, 791px\" \/><\/figure>\n\n\n\n<figure class=\"wp-block-image size-large is-resized\"><img loading=\"lazy\" decoding=\"async\" width=\"791\" height=\"1024\" src=\"https:\/\/premiofranciscomercado.org\/wp-content\/uploads\/2025\/10\/2027.cartel.convocatoria.vi_-2-791x1024.png\" alt=\"\" class=\"wp-image-1531\" style=\"width:500px\" srcset=\"https:\/\/premiofranciscomercado.org\/wp-content\/uploads\/2025\/10\/2027.cartel.convocatoria.vi_-2-791x1024.png 791w, https:\/\/premiofranciscomercado.org\/wp-content\/uploads\/2025\/10\/2027.cartel.convocatoria.vi_-2-232x300.png 232w, https:\/\/premiofranciscomercado.org\/wp-content\/uploads\/2025\/10\/2027.cartel.convocatoria.vi_-2-768x994.png 768w, https:\/\/premiofranciscomercado.org\/wp-content\/uploads\/2025\/10\/2027.cartel.convocatoria.vi_-2-1187x1536.png 1187w, https:\/\/premiofranciscomercado.org\/wp-content\/uploads\/2025\/10\/2027.cartel.convocatoria.vi_-2-1100x1424.png 1100w, https:\/\/premiofranciscomercado.org\/wp-content\/uploads\/2025\/10\/2027.cartel.convocatoria.vi_-2.png 1275w\" sizes=\"auto, (max-width: 791px) 100vw, 791px\" \/><\/figure>\n","protected":false},"excerpt":{"rendered":"<p>Anunciamos que la Edici\u00f3n 2027 del Premio Francisco Mercado estar\u00e1 abierta del 6 de enero al 30 de abril de 2026. Puede consultar la convocatoria completa a trav\u00e9s del siguiente enlace:<\/p>\n","protected":false},"author":1,"featured_media":0,"comment_status":"closed","ping_status":"","sticky":false,"template":"","format":"standard","meta":{"footnotes":""},"categories":[2],"tags":[],"class_list":["post-1456","post","type-post","status-publish","format-standard","hentry","category-anuncios"],"_links":{"self":[{"href":"https:\/\/premiofranciscomercado.org\/index.php?rest_route=\/wp\/v2\/posts\/1456","targetHints":{"allow":["GET"]}}],"collection":[{"href":"https:\/\/premiofranciscomercado.org\/index.php?rest_route=\/wp\/v2\/posts"}],"about":[{"href":"https:\/\/premiofranciscomercado.org\/index.php?rest_route=\/wp\/v2\/types\/post"}],"author":[{"embeddable":true,"href":"https:\/\/premiofranciscomercado.org\/index.php?rest_route=\/wp\/v2\/users\/1"}],"replies":[{"embeddable":true,"href":"https:\/\/premiofranciscomercado.org\/index.php?rest_route=%2Fwp%2Fv2%2Fcomments&post=1456"}],"version-history":[{"count":8,"href":"https:\/\/premiofranciscomercado.org\/index.php?rest_route=\/wp\/v2\/posts\/1456\/revisions"}],"predecessor-version":[{"id":1563,"href":"https:\/\/premiofranciscomercado.org\/index.php?rest_route=\/wp\/v2\/posts\/1456\/revisions\/1563"}],"wp:attachment":[{"href":"https:\/\/premiofranciscomercado.org\/index.php?rest_route=%2Fwp%2Fv2%2Fmedia&parent=1456"}],"wp:term":[{"taxonomy":"category","embeddable":true,"href":"https:\/\/premiofranciscomercado.org\/index.php?rest_route=%2Fwp%2Fv2%2Fcategories&post=1456"},{"taxonomy":"post_tag","embeddable":true,"href":"https:\/\/premiofranciscomercado.org\/index.php?rest_route=%2Fwp%2Fv2%2Ftags&post=1456"}],"curies":[{"name":"wp","href":"https:\/\/api.w.org\/{rel}","templated":true}]}}