{"id":1449,"date":"2025-10-24T12:18:49","date_gmt":"2025-10-24T18:18:49","guid":{"rendered":"https:\/\/premiofranciscomercado.org\/?p=1449"},"modified":"2025-10-28T14:37:33","modified_gmt":"2025-10-28T20:37:33","slug":"estancia-virtual-de-entrenamiento-en-la-revision-de-pares-en-investigacion-cualitativa-en-salud-edicion-2027","status":"publish","type":"post","link":"https:\/\/premiofranciscomercado.org\/?p=1449","title":{"rendered":"Estancia acad\u00e9mica virtual de entrenamiento en la revisi\u00f3n de pares en investigaci\u00f3n cualitativa en salud | Edici\u00f3n 2027"},"content":{"rendered":"\n<p>El Premio Francisco Mercado ofrece una estancia virtual a acad\u00e9micos interesados en capacitarse en la evaluaci\u00f3n por pares y en el proceso de dictaminaci\u00f3n, la finalidad es entrenarse en los elementos de una evaluaci\u00f3n de calidad y en concordancia con las premisas de la investigaci\u00f3n cualitativa en el campo de la salud. La estancia es una oportunidad de aprendizaje para evaluar manuscritos o textos, escribir dict\u00e1menes, interactuar con acad\u00e9micos senior y participar en las sesiones de discusi\u00f3n durante el proceso de selecci\u00f3n de la tesis premiada de la edici\u00f3n correspondiente.&nbsp;<\/p>\n\n\n\n<p>La duraci\u00f3n de la estancia es del 15 de abril de 2026 al 30 de abril de 2027, tiempo durante el cual leer\u00e1 bibliograf\u00eda sobre la revisi\u00f3n de pares, leer\u00e1 y evaluar\u00e1 tesis, escribir\u00e1 sus dict\u00e1menes, y participar\u00e1 en las reuniones en las cuales el Comit\u00e9 Ejecutivo discute y selecciona las tesis para la premiaci\u00f3n de la Edici\u00f3n 2027.<\/p>\n\n\n\n<p>Durante la estancia recibir\u00e1 tutor\u00eda individualizada para trabajar debilidades y mejorar su desempe\u00f1o como dictaminador. Dicha tutor\u00eda tanto de las lecturas realizadas como de sus dict\u00e1menes escritos, la recibir\u00e1 de los miembros del Comit\u00e9 Ejecutivo y de dictaminadores seniors a trav\u00e9s de reuniones para ello.<\/p>\n\n\n\n<p>Al final de la estancia se otorgar\u00e1 una constancia acreditando tanto la estancia como las horas cr\u00e9dito correspondiente.<\/p>\n\n\n\n<p>Siga el siguiente enlace para acceder a la convocatoria completa:<\/p>\n\n\n\n<div class=\"wp-block-buttons is-content-justification-center is-layout-flex wp-container-core-buttons-is-layout-16018d1d wp-block-buttons-is-layout-flex\">\n<div class=\"wp-block-button has-custom-width wp-block-button__width-50\"><a class=\"wp-block-button__link has-background has-medium-font-size has-custom-font-size wp-element-button\" style=\"background-color:#d2802a\">Estancia virtual | Edici\u00f3n 2027<\/a><\/div>\n<\/div>\n\n\n\n<figure class=\"wp-block-image size-large\"><img loading=\"lazy\" decoding=\"async\" width=\"791\" height=\"1024\" src=\"https:\/\/premiofranciscomercado.org\/wp-content\/uploads\/2025\/10\/2027.cartel.convocatoria.estancia-virtual.ve_-791x1024.png\" alt=\"\" class=\"wp-image-1474\" srcset=\"https:\/\/premiofranciscomercado.org\/wp-content\/uploads\/2025\/10\/2027.cartel.convocatoria.estancia-virtual.ve_-791x1024.png 791w, https:\/\/premiofranciscomercado.org\/wp-content\/uploads\/2025\/10\/2027.cartel.convocatoria.estancia-virtual.ve_-232x300.png 232w, https:\/\/premiofranciscomercado.org\/wp-content\/uploads\/2025\/10\/2027.cartel.convocatoria.estancia-virtual.ve_-768x994.png 768w, https:\/\/premiofranciscomercado.org\/wp-content\/uploads\/2025\/10\/2027.cartel.convocatoria.estancia-virtual.ve_-1187x1536.png 1187w, https:\/\/premiofranciscomercado.org\/wp-content\/uploads\/2025\/10\/2027.cartel.convocatoria.estancia-virtual.ve_-1100x1424.png 1100w, https:\/\/premiofranciscomercado.org\/wp-content\/uploads\/2025\/10\/2027.cartel.convocatoria.estancia-virtual.ve_.png 1275w\" sizes=\"auto, (max-width: 791px) 100vw, 791px\" \/><\/figure>\n\n\n\n<figure class=\"wp-block-image size-large\"><img loading=\"lazy\" decoding=\"async\" width=\"791\" height=\"1024\" src=\"https:\/\/premiofranciscomercado.org\/wp-content\/uploads\/2025\/10\/2027.cartel.convocatoria.estancia-virtual.vp_-791x1024.png\" alt=\"\" class=\"wp-image-1476\" srcset=\"https:\/\/premiofranciscomercado.org\/wp-content\/uploads\/2025\/10\/2027.cartel.convocatoria.estancia-virtual.vp_-791x1024.png 791w, https:\/\/premiofranciscomercado.org\/wp-content\/uploads\/2025\/10\/2027.cartel.convocatoria.estancia-virtual.vp_-232x300.png 232w, https:\/\/premiofranciscomercado.org\/wp-content\/uploads\/2025\/10\/2027.cartel.convocatoria.estancia-virtual.vp_-768x994.png 768w, https:\/\/premiofranciscomercado.org\/wp-content\/uploads\/2025\/10\/2027.cartel.convocatoria.estancia-virtual.vp_-1187x1536.png 1187w, https:\/\/premiofranciscomercado.org\/wp-content\/uploads\/2025\/10\/2027.cartel.convocatoria.estancia-virtual.vp_-1100x1424.png 1100w, https:\/\/premiofranciscomercado.org\/wp-content\/uploads\/2025\/10\/2027.cartel.convocatoria.estancia-virtual.vp_.png 1275w\" sizes=\"auto, (max-width: 791px) 100vw, 791px\" \/><\/figure>\n","protected":false},"excerpt":{"rendered":"<p>El Premio Francisco Mercado ofrece una estancia virtual a acad\u00e9micos interesados en capacitarse en la evaluaci\u00f3n por pares y en el proceso de dictaminaci\u00f3n, la finalidad es entrenarse en los elementos de una evaluaci\u00f3n de calidad y en concordancia con las premisas de la investigaci\u00f3n cualitativa en el campo de la salud. La estancia es &hellip; <a href=\"https:\/\/premiofranciscomercado.org\/?p=1449\" class=\"more-link\">Sigue leyendo <span class=\"screen-reader-text\">Estancia acad\u00e9mica virtual de entrenamiento en la revisi\u00f3n de pares en investigaci\u00f3n cualitativa en salud | Edici\u00f3n 2027<\/span> <span class=\"meta-nav\">&rarr;<\/span><\/a><\/p>\n","protected":false},"author":1,"featured_media":1476,"comment_status":"closed","ping_status":"","sticky":false,"template":"","format":"standard","meta":{"footnotes":""},"categories":[2],"tags":[],"class_list":["post-1449","post","type-post","status-publish","format-standard","has-post-thumbnail","hentry","category-anuncios"],"_links":{"self":[{"href":"https:\/\/premiofranciscomercado.org\/index.php?rest_route=\/wp\/v2\/posts\/1449","targetHints":{"allow":["GET"]}}],"collection":[{"href":"https:\/\/premiofranciscomercado.org\/index.php?rest_route=\/wp\/v2\/posts"}],"about":[{"href":"https:\/\/premiofranciscomercado.org\/index.php?rest_route=\/wp\/v2\/types\/post"}],"author":[{"embeddable":true,"href":"https:\/\/premiofranciscomercado.org\/index.php?rest_route=\/wp\/v2\/users\/1"}],"replies":[{"embeddable":true,"href":"https:\/\/premiofranciscomercado.org\/index.php?rest_route=%2Fwp%2Fv2%2Fcomments&post=1449"}],"version-history":[{"count":4,"href":"https:\/\/premiofranciscomercado.org\/index.php?rest_route=\/wp\/v2\/posts\/1449\/revisions"}],"predecessor-version":[{"id":1479,"href":"https:\/\/premiofranciscomercado.org\/index.php?rest_route=\/wp\/v2\/posts\/1449\/revisions\/1479"}],"wp:featuredmedia":[{"embeddable":true,"href":"https:\/\/premiofranciscomercado.org\/index.php?rest_route=\/wp\/v2\/media\/1476"}],"wp:attachment":[{"href":"https:\/\/premiofranciscomercado.org\/index.php?rest_route=%2Fwp%2Fv2%2Fmedia&parent=1449"}],"wp:term":[{"taxonomy":"category","embeddable":true,"href":"https:\/\/premiofranciscomercado.org\/index.php?rest_route=%2Fwp%2Fv2%2Fcategories&post=1449"},{"taxonomy":"post_tag","embeddable":true,"href":"https:\/\/premiofranciscomercado.org\/index.php?rest_route=%2Fwp%2Fv2%2Ftags&post=1449"}],"curies":[{"name":"wp","href":"https:\/\/api.w.org\/{rel}","templated":true}]}}