{"id":1344,"date":"2025-04-23T12:00:42","date_gmt":"2025-04-23T18:00:42","guid":{"rendered":"https:\/\/premiofranciscomercado.org\/?p=1344"},"modified":"2025-04-23T12:02:58","modified_gmt":"2025-04-23T18:02:58","slug":"falta-poco-para-anunciar-la-tesis-premiada-edicion-2025","status":"publish","type":"post","link":"https:\/\/premiofranciscomercado.org\/?p=1344","title":{"rendered":"Falta poco para anunciar la tesis premiada | Edici\u00f3n 2025"},"content":{"rendered":"\n<p>Falta una semana para el anuncio de la tesis premiada de la Edici\u00f3n 2025 del Premio Francisco Mercado. El anuncio se realizar\u00e1 en nuestros espacios virtuales el pr\u00f3ximo 30 de abril:<br><a href=\"https:\/\/premiofranciscomercado.org\/\">https:\/\/premiofranciscomercado.org\/<\/a><br><a href=\"https:\/\/www.facebook.com\/PremioFranciscoMercado\">https:\/\/www.facebook.com\/PremioFranciscoMercado<\/a><br><a href=\"https:\/\/www.instagram.com\/PremioFranciscoMercado\">https:\/\/www.instagram.com\/PremioFranciscoMercado<\/a><\/p>\n\n\n\n<figure class=\"wp-block-image size-large\"><img loading=\"lazy\" decoding=\"async\" width=\"819\" height=\"1024\" src=\"https:\/\/premiofranciscomercado.org\/wp-content\/uploads\/2025\/04\/2025.tesis-premiada.falta-semana-1-819x1024.png\" alt=\"\" class=\"wp-image-1345\" srcset=\"https:\/\/premiofranciscomercado.org\/wp-content\/uploads\/2025\/04\/2025.tesis-premiada.falta-semana-1-819x1024.png 819w, https:\/\/premiofranciscomercado.org\/wp-content\/uploads\/2025\/04\/2025.tesis-premiada.falta-semana-1-240x300.png 240w, https:\/\/premiofranciscomercado.org\/wp-content\/uploads\/2025\/04\/2025.tesis-premiada.falta-semana-1-768x960.png 768w, https:\/\/premiofranciscomercado.org\/wp-content\/uploads\/2025\/04\/2025.tesis-premiada.falta-semana-1-1229x1536.png 1229w, https:\/\/premiofranciscomercado.org\/wp-content\/uploads\/2025\/04\/2025.tesis-premiada.falta-semana-1-1638x2048.png 1638w, https:\/\/premiofranciscomercado.org\/wp-content\/uploads\/2025\/04\/2025.tesis-premiada.falta-semana-1-1100x1375.png 1100w, https:\/\/premiofranciscomercado.org\/wp-content\/uploads\/2025\/04\/2025.tesis-premiada.falta-semana-1.png 1687w\" sizes=\"auto, (max-width: 819px) 100vw, 819px\" \/><\/figure>\n","protected":false},"excerpt":{"rendered":"<p>Falta una semana para el anuncio de la tesis premiada de la Edici\u00f3n 2025 del Premio Francisco Mercado. El anuncio se realizar\u00e1 en nuestros espacios virtuales el pr\u00f3ximo 30 de abril:https:\/\/premiofranciscomercado.org\/https:\/\/www.facebook.com\/PremioFranciscoMercadohttps:\/\/www.instagram.com\/PremioFranciscoMercado<\/p>\n","protected":false},"author":1,"featured_media":1345,"comment_status":"closed","ping_status":"","sticky":false,"template":"","format":"standard","meta":{"footnotes":""},"categories":[2],"tags":[],"class_list":["post-1344","post","type-post","status-publish","format-standard","has-post-thumbnail","hentry","category-anuncios"],"_links":{"self":[{"href":"https:\/\/premiofranciscomercado.org\/index.php?rest_route=\/wp\/v2\/posts\/1344","targetHints":{"allow":["GET"]}}],"collection":[{"href":"https:\/\/premiofranciscomercado.org\/index.php?rest_route=\/wp\/v2\/posts"}],"about":[{"href":"https:\/\/premiofranciscomercado.org\/index.php?rest_route=\/wp\/v2\/types\/post"}],"author":[{"embeddable":true,"href":"https:\/\/premiofranciscomercado.org\/index.php?rest_route=\/wp\/v2\/users\/1"}],"replies":[{"embeddable":true,"href":"https:\/\/premiofranciscomercado.org\/index.php?rest_route=%2Fwp%2Fv2%2Fcomments&post=1344"}],"version-history":[{"count":2,"href":"https:\/\/premiofranciscomercado.org\/index.php?rest_route=\/wp\/v2\/posts\/1344\/revisions"}],"predecessor-version":[{"id":1347,"href":"https:\/\/premiofranciscomercado.org\/index.php?rest_route=\/wp\/v2\/posts\/1344\/revisions\/1347"}],"wp:featuredmedia":[{"embeddable":true,"href":"https:\/\/premiofranciscomercado.org\/index.php?rest_route=\/wp\/v2\/media\/1345"}],"wp:attachment":[{"href":"https:\/\/premiofranciscomercado.org\/index.php?rest_route=%2Fwp%2Fv2%2Fmedia&parent=1344"}],"wp:term":[{"taxonomy":"category","embeddable":true,"href":"https:\/\/premiofranciscomercado.org\/index.php?rest_route=%2Fwp%2Fv2%2Fcategories&post=1344"},{"taxonomy":"post_tag","embeddable":true,"href":"https:\/\/premiofranciscomercado.org\/index.php?rest_route=%2Fwp%2Fv2%2Ftags&post=1344"}],"curies":[{"name":"wp","href":"https:\/\/api.w.org\/{rel}","templated":true}]}}