{"id":1267,"date":"2024-12-17T13:01:04","date_gmt":"2024-12-17T19:01:04","guid":{"rendered":"https:\/\/premiofranciscomercado.org\/?p=1267"},"modified":"2024-12-17T13:05:04","modified_gmt":"2024-12-17T19:05:04","slug":"noticias-mas-destacadas-de-2024","status":"publish","type":"post","link":"https:\/\/premiofranciscomercado.org\/?p=1267","title":{"rendered":"Noticias m\u00e1s destacadas de 2024"},"content":{"rendered":"\n<p class=\"has-text-align-left\" style=\"font-size:24px\"><strong>Edici\u00f3n 2025<\/strong><\/p>\n\n\n\n<p>Al finalizar este a\u00f1o 2024, nos es grato informar que el Premio Francisco Mercado mantiene una presencia entre la comunidad acad\u00e9mica de Iberoam\u00e9rica. En esta edici\u00f3n se recibieron 65 tesis candidatas, un n\u00famero mayor en comparaci\u00f3n a la Edici\u00f3n 2020 cuando se abri\u00f3 por primera vez, ya que en aquella ocasi\u00f3n recibimos 41 tesis. Esperamos tener un mayor n\u00famero de tesis en la Edici\u00f3n 2027 que se abrir\u00e1 el 6 de enero de 2026.<\/p>\n\n\n\n<p class=\"has-text-align-left\" style=\"font-size:24px\"><strong>Cambios en el Comit\u00e9 Ejecutivo<\/strong><\/p>\n\n\n\n<p>Carmen de la Cuesta Benjumea se retir\u00f3 como miembro permanente del Comit\u00e9 Ejecutivo en diciembre de 2023.\u00a0<br>Durante cuatro a\u00f1os, Carmen trabaj\u00f3 en aras de llevar adelante esta iniciativa, a quien agradecemos su generosidad en compartir su expertise, entusiasmo, trabajo y tiempo dedicado desde el origen del premio en 2019. Hacemos un reconocimiento por su desempe\u00f1o en las funciones en la estructura de gobernanza del Premio Francisco Mercado, y agradecemos los momentos compartidos y su amistad durante estos a\u00f1os. Extra\u00f1aremos su presencia en el Comit\u00e9 Ejecutivo.\u00a0<br>En sustituci\u00f3n, Azucena Pedraz asumi\u00f3 en enero de este a\u00f1o la funci\u00f3n de miembro permanente del Comit\u00e9 Ejecutivo.\u00a0<\/p>\n\n\n\n<p style=\"font-size:24px\"><strong>Retiro de Denise Guerreiro<\/strong><\/p>\n\n\n\n<p>Denise Guerreiro, profesora de la Universidade Federal de Santa Catarina, Brasil, ha sido dictaminadora de las tesis candidatas en las ediciones de 2020, 2023 y 2025. Una acad\u00e9mica que ha impulsado el desarrollo de la investigaci\u00f3n cualitativa en salud, quien a finales de este a\u00f1o ha decidido retirarse del Comit\u00e9 de Dictaminadores del Premio Francisco Mercado. Agradecemos su trabajo y tiempo dedicado a dictaminar las tesis, y a sus valiosos comentarios lo cual es una tarea fundamental en la consolidaci\u00f3n del premio. No nos queda m\u00e1s que reconocer su calidad acad\u00e9mica y el apoyo que significaron sus dict\u00e1menes en cada una de las ediciones en que particip\u00f3.<\/p>\n\n\n\n<p style=\"font-size:24px\"><strong>Conferencia<\/strong><\/p>\n\n\n\n<p>El d\u00eda 29 de octubre se transmiti\u00f3 de manera virtual la conferencia \u201c<em>Investigaci\u00f3n ind\u00edgena: Explorando las relaciones para el Buen Vivir\u201d<\/em> impartida por Carlos S\u00e1nchez-Pimienta, University of Toronto. La misma nos ofrece una visi\u00f3n de las premisas epistemol\u00f3gicas y te\u00f3ricas sobre las metodolog\u00edas ind\u00edgenas, para adentrarnos a las tendencias actuales en la investigaci\u00f3n cualitativa; as\u00ed mismo, se acompa\u00f1a de una reflexi\u00f3n interesante sobre las identidades \u00e9tnicas, ya que su reflexi\u00f3n se centra cuando el investigador es \u201cmestizo\u201d, como Carlos, y realiza investigaci\u00f3n en poblaciones ind\u00edgenas. <\/p>\n\n\n\n<figure class=\"wp-block-embed is-type-video is-provider-youtube wp-block-embed-youtube wp-embed-aspect-16-9 wp-has-aspect-ratio\"><div class=\"wp-block-embed__wrapper\">\n<iframe loading=\"lazy\" title=\"Investigaci\u00f3n ind\u00edgena: Explorando las relaciones para el Buen Vivir | Conferencia\" width=\"1100\" height=\"619\" src=\"https:\/\/www.youtube.com\/embed\/YxqUGkSIdps?feature=oembed\" frameborder=\"0\" allow=\"accelerometer; autoplay; clipboard-write; encrypted-media; gyroscope; picture-in-picture; web-share\" referrerpolicy=\"strict-origin-when-cross-origin\" allowfullscreen><\/iframe>\n<\/div><\/figure>\n","protected":false},"excerpt":{"rendered":"<p>Edici\u00f3n 2025 Al finalizar este a\u00f1o 2024, nos es grato informar que el Premio Francisco Mercado mantiene una presencia entre la comunidad acad\u00e9mica de Iberoam\u00e9rica. En esta edici\u00f3n se recibieron 65 tesis candidatas, un n\u00famero mayor en comparaci\u00f3n a la Edici\u00f3n 2020 cuando se abri\u00f3 por primera vez, ya que en aquella ocasi\u00f3n recibimos 41 &hellip; <a href=\"https:\/\/premiofranciscomercado.org\/?p=1267\" class=\"more-link\">Sigue leyendo <span class=\"screen-reader-text\">Noticias m\u00e1s destacadas de 2024<\/span> <span class=\"meta-nav\">&rarr;<\/span><\/a><\/p>\n","protected":false},"author":1,"featured_media":1269,"comment_status":"closed","ping_status":"","sticky":false,"template":"","format":"standard","meta":{"footnotes":""},"categories":[2],"tags":[],"class_list":["post-1267","post","type-post","status-publish","format-standard","has-post-thumbnail","hentry","category-anuncios"],"_links":{"self":[{"href":"https:\/\/premiofranciscomercado.org\/index.php?rest_route=\/wp\/v2\/posts\/1267","targetHints":{"allow":["GET"]}}],"collection":[{"href":"https:\/\/premiofranciscomercado.org\/index.php?rest_route=\/wp\/v2\/posts"}],"about":[{"href":"https:\/\/premiofranciscomercado.org\/index.php?rest_route=\/wp\/v2\/types\/post"}],"author":[{"embeddable":true,"href":"https:\/\/premiofranciscomercado.org\/index.php?rest_route=\/wp\/v2\/users\/1"}],"replies":[{"embeddable":true,"href":"https:\/\/premiofranciscomercado.org\/index.php?rest_route=%2Fwp%2Fv2%2Fcomments&post=1267"}],"version-history":[{"count":2,"href":"https:\/\/premiofranciscomercado.org\/index.php?rest_route=\/wp\/v2\/posts\/1267\/revisions"}],"predecessor-version":[{"id":1272,"href":"https:\/\/premiofranciscomercado.org\/index.php?rest_route=\/wp\/v2\/posts\/1267\/revisions\/1272"}],"wp:featuredmedia":[{"embeddable":true,"href":"https:\/\/premiofranciscomercado.org\/index.php?rest_route=\/wp\/v2\/media\/1269"}],"wp:attachment":[{"href":"https:\/\/premiofranciscomercado.org\/index.php?rest_route=%2Fwp%2Fv2%2Fmedia&parent=1267"}],"wp:term":[{"taxonomy":"category","embeddable":true,"href":"https:\/\/premiofranciscomercado.org\/index.php?rest_route=%2Fwp%2Fv2%2Fcategories&post=1267"},{"taxonomy":"post_tag","embeddable":true,"href":"https:\/\/premiofranciscomercado.org\/index.php?rest_route=%2Fwp%2Fv2%2Ftags&post=1267"}],"curies":[{"name":"wp","href":"https:\/\/api.w.org\/{rel}","templated":true}]}}